{"id":887,"date":"2021-04-27T11:08:21","date_gmt":"2021-04-27T11:08:21","guid":{"rendered":"https:\/\/parijedi.org\/?p=887"},"modified":"2021-04-27T11:09:15","modified_gmt":"2021-04-27T11:09:15","slug":"monsieur-mounouna-foutsou-ministre-de-la-jeunesse-et-de-leducation-civique-minjec-a-recu-en-audience-la-delegation-du-club-dias-invest-237-que-conduisait-sa-presiden","status":"publish","type":"post","link":"https:\/\/parijedi.org\/en\/a-la-une\/monsieur-mounouna-foutsou-ministre-de-la-jeunesse-et-de-leducation-civique-minjec-a-recu-en-audience-la-delegation-du-club-dias-invest-237-que-conduisait-sa-presiden\/","title":{"rendered":"Monsieur MOUNOUNA FOUTSOU, Ministre de la Jeunesse et de l\u2019Education Civique (MINJEC) a re\u00e7u en audience la d\u00e9l\u00e9gation du \u00ab Club Dias\u2019 Invest 237 \u00bb que conduisait sa Pr\u00e9sidente, Madame Jessica MANI."},"content":{"rendered":"\n<p class=\"has-black-color has-light-green-cyan-background-color has-text-color has-background\">Le mardi 20 avril 2021, Monsieur MOUNOUNA FOUTSOU, Ministre de la Jeunesse et de l\u2019Education Civique (MINJEC) a re\u00e7u en audience la d\u00e9l\u00e9gation du \u00ab&nbsp;Club Dias\u2019 Invest 237&nbsp;\u00bb que conduisait sa Pr\u00e9sidente, Madame Jessica MANI, accompagn\u00e9e de Monsieur Claude LEKAGNEA, Vice-Pr\u00e9sident, Madame RENAUDIN.B, Conseiller du Bureau Ex\u00e9cutif et Madame NGAHA Elisabeth, Secr\u00e9taire G\u00e9n\u00e9rale Adjoint.<\/p>\n\n\n\n<p class=\"has-black-color has-light-green-cyan-background-color has-text-color has-background\">En rappel, le Minist\u00e8re des Relations Ext\u00e9rieures par l\u2019entremise de l\u2019Ambassade du Cameroun en France, avait lanc\u00e9 en 2017 le dispositif \u00ab&nbsp;Dias\u2019 Invest 237&nbsp;\u00bb financ\u00e9 par l\u2019appui de l\u2019Agence Fran\u00e7aise de D\u00e9veloppement (AFD) et ayant pour principale mission d\u2019accompagner les porteurs de projets de la diaspora camerounaise de France en faveur du Cameroun.<\/p>\n\n\n\n<p class=\"has-black-color has-light-green-cyan-background-color has-text-color has-background\">Le dispositif \u00ab&nbsp;Dias\u2019 Invest 237&nbsp;\u00bb arriv\u00e9 \u00e0 son terme, avait dans l\u2019une de ses composantes la cr\u00e9ation du \u00ab&nbsp;Club Dias\u2019 Invest 237&nbsp;\u00bb dont le lancement officiel des activit\u00e9s par le MINREX est pr\u00e9vu pour la p\u00e9riode allant du 11 au 29 Avril 2021.<\/p>\n\n\n\n<p class=\"has-black-color has-light-green-cyan-background-color has-text-color has-background\">les \u00e9changes ont tourn\u00e9 de la pr\u00e9sentation du \u00ab&nbsp;Club Dias\u2019 Invest 237&nbsp;\u00bb et la possibilit\u00e9 d\u2019une collaboration avec le MINJEC.<\/p>\n\n\n\n<p class=\"has-black-color has-light-green-cyan-background-color has-text-color has-background\">Ledit Club a pour objectifs de servir de mentorat, de conseils de structuration d\u2019un r\u00e9seau d\u2019affaires, de promotion des services et d\u2019expertises de la diaspora \u00e0 ses entrepreneurs et porteurs de projets de la diaspora, d\u2019\u00e9laborer des plaidoyers \u00e0 l\u2019endroit des institutions et des bailleurs de fonds. Aussi, il cible les entrepreneurs et les porteurs de projet de la diaspora Camerounaise de l\u2019ext\u00e9rieur.<\/p>\n\n\n\n<p class=\"has-black-color has-light-green-cyan-background-color has-text-color has-background\">Au cours de ladite audience, le MINJEC a pr\u00e9sent\u00e9 de mani\u00e8re exhaustive les programmes et projets d\u2019accompagnement des initiatives de la diaspora mis en places et fonctionnels au sein de son d\u00e9partement minist\u00e9riel notamment&nbsp;: le Programme d\u2019Aide au Retour et \u00e0 l\u2019Insertion des jeunes de la Diaspora (PARI-JEDI)&nbsp;; le Programme National du Volontariat (PNV)&nbsp;; l\u2019Observatoire National de la Jeunesse (ONJ) sans oublier les Unit\u00e9s Techniques Op\u00e9rationnelles qui encadrent les actions de ceux-ci.<\/p>\n\n\n\n<p class=\"has-black-color has-light-green-cyan-background-color has-text-color has-background\">Le MINJEC n\u2019a pas manqu\u00e9 de rappeler qu\u2019en ce moment, un appel \u00e0 candidature pour le recrutement de 10 mentors volontaires de la diaspora est en cours et il compte sur la synergie d\u2019action avec le \u00ab&nbsp;Club Dias\u2019 Invest 237&nbsp;\u00bb pour mobiliser la diaspora experte, afin d\u2019apporter leur contribution dans l\u2019encadrement de jeunes porteurs de projets ayant b\u00e9n\u00e9fici\u00e9 des financements du Plan Triennal Sp\u00e9cial (PTS-Jeunes).<\/p>\n\n\n\n<p class=\"has-black-color has-light-green-cyan-background-color has-text-color has-background\">Dans le cadre de ladite collaboration, le club compte s\u2019investir dans le mentorat et le counseling, la structuration d&#8217;un r\u00e9seau d&#8217;affaires, la promotion des services et expertises de la diaspora, le Plaidoyer \u00e0 l&#8217;endroit des institutions et bailleurs de fonds en vue de mieux outiller les entrepreneurs de la diaspora.<\/p>\n\n\n\n<p class=\"has-black-color has-light-green-cyan-background-color has-text-color has-background\">Dans le cadre du PTS-JEUNES, le club se propose d&#8217;accompagner les start-up, les nouveaux entrepreneurs et les jeunes \u00e0 la recherche des financements. Il pourrait \u00e9galement faire des formations en faveur des porteurs de Projets et des investisseurs de la diaspora avec l&#8217;appui de l&#8217;APME.<\/p>\n\n\n\n<p class=\"has-black-color has-light-green-cyan-background-color has-text-color has-background\">Au MINJEC, l&#8217;accompagnement institutionnel est effectif, de m\u00eame que l\u2019octroi des financements gr\u00e2ce au processus mis en place au niveau des Projets et Programmes et &nbsp;disponibles sur la Plateforme de l&#8217;Observatoire National de la Jeunesse.<\/p>\n\n\n\n<p class=\"has-black-color has-light-green-cyan-background-color has-text-color has-background\">Le MINJEC encourage les diff\u00e9rentes initiatives prises par le Club Dias\u2019 Invest 237,&nbsp;pour la cr\u00e9ativit\u00e9 des jeunes de la diaspora. Il a \u00e9galement instruit qu\u2019une plateforme WhatsApp soit cr\u00e9\u00e9e pour partager les informations utiles.<\/p>\n","protected":false},"excerpt":{"rendered":"<p>Le mardi 20 avril 2021, Monsieur MOUNOUNA FOUTSOU, Ministre de la Jeunesse et de l\u2019Education Civique (MINJEC) a re\u00e7u en audience la d\u00e9l\u00e9gation du \u00ab&nbsp;Club Dias\u2019 Invest 237&nbsp;\u00bb que conduisait sa Pr\u00e9sidente, Madame Jessica MANI, accompagn\u00e9e de Monsieur Claude LEKAGNEA, Vice-Pr\u00e9sident, Madame RENAUDIN.B, Conseiller du Bureau Ex\u00e9cutif et Madame NGAHA Elisabeth, Secr\u00e9taire G\u00e9n\u00e9rale Adjoint. En [&hellip;]<\/p>\n","protected":false},"author":3,"featured_media":885,"comment_status":"closed","ping_status":"closed","sticky":false,"template":"","format":"standard","meta":[],"categories":[9],"tags":[],"_links":{"self":[{"href":"https:\/\/parijedi.org\/en\/wp-json\/wp\/v2\/posts\/887"}],"collection":[{"href":"https:\/\/parijedi.org\/en\/wp-json\/wp\/v2\/posts"}],"about":[{"href":"https:\/\/parijedi.org\/en\/wp-json\/wp\/v2\/types\/post"}],"author":[{"embeddable":true,"href":"https:\/\/parijedi.org\/en\/wp-json\/wp\/v2\/users\/3"}],"replies":[{"embeddable":true,"href":"https:\/\/parijedi.org\/en\/wp-json\/wp\/v2\/comments?post=887"}],"version-history":[{"count":2,"href":"https:\/\/parijedi.org\/en\/wp-json\/wp\/v2\/posts\/887\/revisions"}],"predecessor-version":[{"id":889,"href":"https:\/\/parijedi.org\/en\/wp-json\/wp\/v2\/posts\/887\/revisions\/889"}],"wp:featuredmedia":[{"embeddable":true,"href":"https:\/\/parijedi.org\/en\/wp-json\/wp\/v2\/media\/885"}],"wp:attachment":[{"href":"https:\/\/parijedi.org\/en\/wp-json\/wp\/v2\/media?parent=887"}],"wp:term":[{"taxonomy":"category","embeddable":true,"href":"https:\/\/parijedi.org\/en\/wp-json\/wp\/v2\/categories?post=887"},{"taxonomy":"post_tag","embeddable":true,"href":"https:\/\/parijedi.org\/en\/wp-json\/wp\/v2\/tags?post=887"}],"curies":[{"name":"wp","href":"https:\/\/api.w.org\/{rel}","templated":true}]}}