{"id":644,"date":"2020-11-12T10:40:32","date_gmt":"2020-11-12T10:40:32","guid":{"rendered":"https:\/\/parijedi.org\/?p=644"},"modified":"2020-11-12T10:40:35","modified_gmt":"2020-11-12T10:40:35","slug":"la-journee-du-mercredi-11-novembre-2020-a-ete-marquee-par-le-sejour-de-monsieur-le-ministre-de-la-jeunesse-et-de-leducation-civique-mounouna-foutsou-dans-la-region-de-lest-cameroun","status":"publish","type":"post","link":"https:\/\/parijedi.org\/en\/uncategorized\/la-journee-du-mercredi-11-novembre-2020-a-ete-marquee-par-le-sejour-de-monsieur-le-ministre-de-la-jeunesse-et-de-leducation-civique-mounouna-foutsou-dans-la-region-de-lest-cameroun\/","title":{"rendered":"La journ\u00e9e du mercredi 11 novembre 2020 a \u00e9t\u00e9 marqu\u00e9e par le s\u00e9jour de monsieur le Ministre de la Jeunesse et de l\u2019Education Civique, MOUNOUNA FOUTSOU dans la R\u00e9gion de l\u2019Est Cameroun"},"content":{"rendered":"\n<p>La journ\u00e9e du mercredi 11 novembre 2020 a \u00e9t\u00e9 marqu\u00e9e par le s\u00e9jour de monsieur le <strong>Ministre de la Jeunesse et de l\u2019Education Civique<\/strong>, <strong>MOUNOUNA FOUTSOU<\/strong> dans la <strong>R\u00e9gion de l\u2019Est Cameroun<\/strong>. &nbsp;<\/p>\n\n\n\n<p>A son arriv\u00e9e \u00e0 la place des f\u00eates <strong>d&#8217;Abong-Mbang<\/strong>, Chef-lieu du D\u00e9partement du <strong>Haut-Nyong<\/strong>, il a \u00e9t\u00e9 accueilli par son homologue le <strong>Ministre Joseph LE<\/strong> de la Fonction Publique et de la R\u00e9forme Administrative, ainsi que par l\u2019autorit\u00e9 locale.<\/p>\n\n\n\n<p>Pour le compte de l&#8217;ann\u00e9e 2020, la R\u00e9gion de l&#8217;Est enregistre 50 jeunes qui voient leurs projets financ\u00e9s, pour un montant global de plus de 141 millions de Fcfa.<\/p>\n\n\n\n<p>La r\u00e9gion de l&#8217;Est compte 13 Villages Pionniers. Aussi, pr\u00e8s de 150 jeunes qui y seront install\u00e9s et pour un montant global d&#8217;environ 367 millions d\u00e9bloqu\u00e9s pour l\u2019am\u00e9nagement desdits Villages Pionniers.<\/p>\n\n\n\n<p>Le ministre de la Jeunesse et de l\u2019Education Civique dans son propos, a appel\u00e9 les jeunes \u00e0 lutter contre l&#8217;extr\u00e9misme violent&nbsp;; \u00e0 pratiquer le REAMORCE autour des lieux d&#8217;implantations de leurs projets en vue d&#8217;un brassage avec les populations locales qui devraient b\u00e9n\u00e9ficier des retomb\u00e9es de ces projets.<\/p>\n\n\n\n<p>Des \u00e9quipements ont \u00e9t\u00e9 remis aux b\u00e9n\u00e9ficiers Pts-Jeunes, ainsi du mat\u00e9riel roulant destin\u00e9s aux personnels des structures d\u00e9concentr\u00e9es du MINJEC<\/p>\n\n\n\n<p>Le s\u00e9jour du MINJEC dans la R\u00e9gion de l\u2019Est s\u2019est achev\u00e9 par la visite du village Pionnier de Mazabe, d\u2019une superficie de 11 hectares, ce Village Pionnier est r\u00e9serv\u00e9 \u00e0 la culture du manioc.<\/p>\n\n\n\n<figure class=\"wp-block-embed-facebook wp-block-embed\"><div class=\"wp-block-embed__wrapper\">\nhttps:\/\/www.facebook.com\/Parijedi\/posts\/3539203586145909\n<\/div><\/figure>\n\n\n\n<figure class=\"wp-block-image size-large\"><img loading=\"lazy\" width=\"1024\" height=\"768\" src=\"http:\/\/parijedi.org\/wp-content\/uploads\/2020\/11\/WhatsApp-Image-2020-11-11-at-13.06.16-1024x768.jpeg\" alt=\"\" class=\"wp-image-646\" srcset=\"https:\/\/parijedi.org\/wp-content\/uploads\/2020\/11\/WhatsApp-Image-2020-11-11-at-13.06.16-1024x768.jpeg 1024w, https:\/\/parijedi.org\/wp-content\/uploads\/2020\/11\/WhatsApp-Image-2020-11-11-at-13.06.16-300x225.jpeg 300w, https:\/\/parijedi.org\/wp-content\/uploads\/2020\/11\/WhatsApp-Image-2020-11-11-at-13.06.16-768x576.jpeg 768w, https:\/\/parijedi.org\/wp-content\/uploads\/2020\/11\/WhatsApp-Image-2020-11-11-at-13.06.16-147x110.jpeg 147w, https:\/\/parijedi.org\/wp-content\/uploads\/2020\/11\/WhatsApp-Image-2020-11-11-at-13.06.16-333x250.jpeg 333w, https:\/\/parijedi.org\/wp-content\/uploads\/2020\/11\/WhatsApp-Image-2020-11-11-at-13.06.16-725x544.jpeg 725w, https:\/\/parijedi.org\/wp-content\/uploads\/2020\/11\/WhatsApp-Image-2020-11-11-at-13.06.16.jpeg 1040w\" sizes=\"(max-width: 1024px) 100vw, 1024px\" \/><\/figure>\n\n\n\n<figure class=\"wp-block-image size-large\"><img loading=\"lazy\" width=\"1024\" height=\"461\" src=\"http:\/\/parijedi.org\/wp-content\/uploads\/2020\/11\/WhatsApp-Image-2020-11-11-at-14.14.11-1024x461.jpeg\" alt=\"\" class=\"wp-image-647\" srcset=\"https:\/\/parijedi.org\/wp-content\/uploads\/2020\/11\/WhatsApp-Image-2020-11-11-at-14.14.11-1024x461.jpeg 1024w, https:\/\/parijedi.org\/wp-content\/uploads\/2020\/11\/WhatsApp-Image-2020-11-11-at-14.14.11-300x135.jpeg 300w, https:\/\/parijedi.org\/wp-content\/uploads\/2020\/11\/WhatsApp-Image-2020-11-11-at-14.14.11-768x346.jpeg 768w, https:\/\/parijedi.org\/wp-content\/uploads\/2020\/11\/WhatsApp-Image-2020-11-11-at-14.14.11-170x77.jpeg 170w, https:\/\/parijedi.org\/wp-content\/uploads\/2020\/11\/WhatsApp-Image-2020-11-11-at-14.14.11-370x167.jpeg 370w, https:\/\/parijedi.org\/wp-content\/uploads\/2020\/11\/WhatsApp-Image-2020-11-11-at-14.14.11-780x351.jpeg 780w, https:\/\/parijedi.org\/wp-content\/uploads\/2020\/11\/WhatsApp-Image-2020-11-11-at-14.14.11.jpeg 1040w\" sizes=\"(max-width: 1024px) 100vw, 1024px\" \/><\/figure>\n\n\n\n<figure class=\"wp-block-image size-large\"><img loading=\"lazy\" width=\"1024\" height=\"461\" src=\"http:\/\/parijedi.org\/wp-content\/uploads\/2020\/11\/WhatsApp-Image-2020-11-11-at-14.17.46-1024x461.jpeg\" alt=\"\" class=\"wp-image-648\" srcset=\"https:\/\/parijedi.org\/wp-content\/uploads\/2020\/11\/WhatsApp-Image-2020-11-11-at-14.17.46-1024x461.jpeg 1024w, https:\/\/parijedi.org\/wp-content\/uploads\/2020\/11\/WhatsApp-Image-2020-11-11-at-14.17.46-300x135.jpeg 300w, https:\/\/parijedi.org\/wp-content\/uploads\/2020\/11\/WhatsApp-Image-2020-11-11-at-14.17.46-768x346.jpeg 768w, https:\/\/parijedi.org\/wp-content\/uploads\/2020\/11\/WhatsApp-Image-2020-11-11-at-14.17.46-170x77.jpeg 170w, https:\/\/parijedi.org\/wp-content\/uploads\/2020\/11\/WhatsApp-Image-2020-11-11-at-14.17.46-370x167.jpeg 370w, https:\/\/parijedi.org\/wp-content\/uploads\/2020\/11\/WhatsApp-Image-2020-11-11-at-14.17.46-780x351.jpeg 780w, https:\/\/parijedi.org\/wp-content\/uploads\/2020\/11\/WhatsApp-Image-2020-11-11-at-14.17.46.jpeg 1040w\" sizes=\"(max-width: 1024px) 100vw, 1024px\" \/><\/figure>\n\n\n\n<figure class=\"wp-block-image size-large\"><img loading=\"lazy\" width=\"1024\" height=\"461\" src=\"http:\/\/parijedi.org\/wp-content\/uploads\/2020\/11\/WhatsApp-Image-2020-11-11-at-14.21.21-1024x461.jpeg\" alt=\"\" class=\"wp-image-649\" srcset=\"https:\/\/parijedi.org\/wp-content\/uploads\/2020\/11\/WhatsApp-Image-2020-11-11-at-14.21.21-1024x461.jpeg 1024w, https:\/\/parijedi.org\/wp-content\/uploads\/2020\/11\/WhatsApp-Image-2020-11-11-at-14.21.21-300x135.jpeg 300w, https:\/\/parijedi.org\/wp-content\/uploads\/2020\/11\/WhatsApp-Image-2020-11-11-at-14.21.21-768x346.jpeg 768w, https:\/\/parijedi.org\/wp-content\/uploads\/2020\/11\/WhatsApp-Image-2020-11-11-at-14.21.21-170x77.jpeg 170w, https:\/\/parijedi.org\/wp-content\/uploads\/2020\/11\/WhatsApp-Image-2020-11-11-at-14.21.21-370x167.jpeg 370w, https:\/\/parijedi.org\/wp-content\/uploads\/2020\/11\/WhatsApp-Image-2020-11-11-at-14.21.21-780x351.jpeg 780w, https:\/\/parijedi.org\/wp-content\/uploads\/2020\/11\/WhatsApp-Image-2020-11-11-at-14.21.21.jpeg 1040w\" sizes=\"(max-width: 1024px) 100vw, 1024px\" \/><\/figure>\n\n\n\n<figure class=\"wp-block-image size-large\"><img loading=\"lazy\" width=\"1024\" height=\"461\" src=\"http:\/\/parijedi.org\/wp-content\/uploads\/2020\/11\/WhatsApp-Image-2020-11-11-at-15.59.42-1024x461.jpeg\" alt=\"\" class=\"wp-image-650\" srcset=\"https:\/\/parijedi.org\/wp-content\/uploads\/2020\/11\/WhatsApp-Image-2020-11-11-at-15.59.42-1024x461.jpeg 1024w, https:\/\/parijedi.org\/wp-content\/uploads\/2020\/11\/WhatsApp-Image-2020-11-11-at-15.59.42-300x135.jpeg 300w, https:\/\/parijedi.org\/wp-content\/uploads\/2020\/11\/WhatsApp-Image-2020-11-11-at-15.59.42-768x346.jpeg 768w, https:\/\/parijedi.org\/wp-content\/uploads\/2020\/11\/WhatsApp-Image-2020-11-11-at-15.59.42-170x77.jpeg 170w, https:\/\/parijedi.org\/wp-content\/uploads\/2020\/11\/WhatsApp-Image-2020-11-11-at-15.59.42-370x167.jpeg 370w, https:\/\/parijedi.org\/wp-content\/uploads\/2020\/11\/WhatsApp-Image-2020-11-11-at-15.59.42-780x351.jpeg 780w, https:\/\/parijedi.org\/wp-content\/uploads\/2020\/11\/WhatsApp-Image-2020-11-11-at-15.59.42.jpeg 1040w\" sizes=\"(max-width: 1024px) 100vw, 1024px\" \/><\/figure>\n","protected":false},"excerpt":{"rendered":"<p>La journ\u00e9e du mercredi 11 novembre 2020 a \u00e9t\u00e9 marqu\u00e9e par le s\u00e9jour de monsieur le Ministre de la Jeunesse et de l\u2019Education Civique, MOUNOUNA FOUTSOU dans la R\u00e9gion de l\u2019Est Cameroun. &nbsp; A son arriv\u00e9e \u00e0 la place des f\u00eates d&#8217;Abong-Mbang, Chef-lieu du D\u00e9partement du Haut-Nyong, il a \u00e9t\u00e9 accueilli par son homologue le [&hellip;]<\/p>\n","protected":false},"author":3,"featured_media":0,"comment_status":"closed","ping_status":"closed","sticky":false,"template":"","format":"standard","meta":[],"categories":[1],"tags":[],"_links":{"self":[{"href":"https:\/\/parijedi.org\/en\/wp-json\/wp\/v2\/posts\/644"}],"collection":[{"href":"https:\/\/parijedi.org\/en\/wp-json\/wp\/v2\/posts"}],"about":[{"href":"https:\/\/parijedi.org\/en\/wp-json\/wp\/v2\/types\/post"}],"author":[{"embeddable":true,"href":"https:\/\/parijedi.org\/en\/wp-json\/wp\/v2\/users\/3"}],"replies":[{"embeddable":true,"href":"https:\/\/parijedi.org\/en\/wp-json\/wp\/v2\/comments?post=644"}],"version-history":[{"count":5,"href":"https:\/\/parijedi.org\/en\/wp-json\/wp\/v2\/posts\/644\/revisions"}],"predecessor-version":[{"id":654,"href":"https:\/\/parijedi.org\/en\/wp-json\/wp\/v2\/posts\/644\/revisions\/654"}],"wp:attachment":[{"href":"https:\/\/parijedi.org\/en\/wp-json\/wp\/v2\/media?parent=644"}],"wp:term":[{"taxonomy":"category","embeddable":true,"href":"https:\/\/parijedi.org\/en\/wp-json\/wp\/v2\/categories?post=644"},{"taxonomy":"post_tag","embeddable":true,"href":"https:\/\/parijedi.org\/en\/wp-json\/wp\/v2\/tags?post=644"}],"curies":[{"name":"wp","href":"https:\/\/api.w.org\/{rel}","templated":true}]}}