{"id":592,"date":"2020-03-11T14:25:00","date_gmt":"2020-03-11T14:25:00","guid":{"rendered":"https:\/\/parijedi.org\/?p=592"},"modified":"2020-03-11T14:25:04","modified_gmt":"2020-03-11T14:25:04","slug":"le-mardi-03-mars-2020-signature-de-la-convention-de-de-partenariat-minjec-german-business-center-hima-sarl-representant-de-my-africa-ev","status":"publish","type":"post","link":"https:\/\/parijedi.org\/en\/actualites\/le-mardi-03-mars-2020-signature-de-la-convention-de-de-partenariat-minjec-german-business-center-hima-sarl-representant-de-my-africa-ev\/","title":{"rendered":"LE MARDI 03 MARS 2020, SIGNATURE DE LA CONVENTION DE DE PARTENARIAT MINJEC \/ GERMAN BUSINESS CENTER HIMA SARL (REPRESENTANT DE MY AFRICA  EV.)"},"content":{"rendered":"\n<p class=\"has-background has-light-green-cyan-background-color\">Le mardi 03 mars\n2020, signature de la Convention de de partenariat entre le MINJEC et German\nBusiness Center HIMA SARL (repr\u00e9sentant de My Africa&nbsp; EV.)<\/p>\n\n\n\n<p class=\"has-background has-light-green-cyan-background-color\">Il sera question\nd&#8217;\u0153uvrer pour la qualification, l&#8217;am\u00e9lioration du parcours acad\u00e9mique et la\nma\u00eetrise de la langue allemande pour les jeunes camerounais.<\/p>\n\n\n\n<p class=\"has-background has-light-green-cyan-background-color\">L&#8217;objectif \u00e9tant de\nproc\u00e9der au tri des jeunes camerounais qui suivront un cursus en Allemagne afin\nd&#8217;y acqu\u00e9rir des connaissances dans les domaines des \u00e9nergies renouvelables et\nde la menuiserie m\u00e9tallique.<\/p>\n\n\n\n<p class=\"has-background has-light-green-cyan-background-color\">Bien plus, des modules sur la cr\u00e9ation des entreprises,\nla notion d&#8217;entrepreneuriat leur seront enseign\u00e9s.<\/p>\n\n\n\n<p class=\"has-background has-light-green-cyan-background-color\">Cette collaboration\nentend \u00e9galement lutter contre les migrations irr\u00e9guli\u00e8res des jeunes et plus\ntard leur retour au Cameroun pour participer \u00e0 la construction de la R\u00e9publique\n\u00e9mergente.<\/p>\n","protected":false},"excerpt":{"rendered":"<p>Le mardi 03 mars 2020, signature de la Convention de de partenariat entre le MINJEC et German Business Center HIMA SARL (repr\u00e9sentant de My Africa&nbsp; EV.) Il sera question d&#8217;\u0153uvrer pour la qualification, l&#8217;am\u00e9lioration du parcours acad\u00e9mique et la ma\u00eetrise de la langue allemande pour les jeunes camerounais. L&#8217;objectif \u00e9tant de proc\u00e9der au tri des [&hellip;]<\/p>\n","protected":false},"author":3,"featured_media":590,"comment_status":"closed","ping_status":"closed","sticky":false,"template":"","format":"standard","meta":[],"categories":[9,7],"tags":[],"_links":{"self":[{"href":"https:\/\/parijedi.org\/en\/wp-json\/wp\/v2\/posts\/592"}],"collection":[{"href":"https:\/\/parijedi.org\/en\/wp-json\/wp\/v2\/posts"}],"about":[{"href":"https:\/\/parijedi.org\/en\/wp-json\/wp\/v2\/types\/post"}],"author":[{"embeddable":true,"href":"https:\/\/parijedi.org\/en\/wp-json\/wp\/v2\/users\/3"}],"replies":[{"embeddable":true,"href":"https:\/\/parijedi.org\/en\/wp-json\/wp\/v2\/comments?post=592"}],"version-history":[{"count":2,"href":"https:\/\/parijedi.org\/en\/wp-json\/wp\/v2\/posts\/592\/revisions"}],"predecessor-version":[{"id":594,"href":"https:\/\/parijedi.org\/en\/wp-json\/wp\/v2\/posts\/592\/revisions\/594"}],"wp:featuredmedia":[{"embeddable":true,"href":"https:\/\/parijedi.org\/en\/wp-json\/wp\/v2\/media\/590"}],"wp:attachment":[{"href":"https:\/\/parijedi.org\/en\/wp-json\/wp\/v2\/media?parent=592"}],"wp:term":[{"taxonomy":"category","embeddable":true,"href":"https:\/\/parijedi.org\/en\/wp-json\/wp\/v2\/categories?post=592"},{"taxonomy":"post_tag","embeddable":true,"href":"https:\/\/parijedi.org\/en\/wp-json\/wp\/v2\/tags?post=592"}],"curies":[{"name":"wp","href":"https:\/\/api.w.org\/{rel}","templated":true}]}}