{"id":468,"date":"2019-11-07T10:07:28","date_gmt":"2019-11-07T10:07:28","guid":{"rendered":"https:\/\/parijedi.org\/?p=468"},"modified":"2019-11-07T10:09:13","modified_gmt":"2019-11-07T10:09:13","slug":"initiative-ffue-oim-pour-la-protection-et-la-reinsertion-des-migrants-au-cameroun","status":"publish","type":"post","link":"https:\/\/parijedi.org\/en\/a-la-une\/initiative-ffue-oim-pour-la-protection-et-la-reinsertion-des-migrants-au-cameroun\/","title":{"rendered":"INITIATIVE FFUE-OIM POUR LA PROTECTION ET LA REINSERTION DES MIGRANTS AU CAMEROUN"},"content":{"rendered":"\n<p class=\"has-background has-light-green-cyan-background-color\"><em>Dans le cadre de la mise en \u0153uvre de l\u2019\u00ab&nbsp;<\/em><strong><em>INITIATIVE FFUE-OIM POUR LA PROTECTION ET LA REINSERTION DES MIGRANTS AU CAMEROUN&nbsp;\u00bb<\/em><\/strong><em>, le CMPJ de R\u00e9f\u00e9rence\/Madagascar a accueilli du 16 septembre au 04 octobre 2019, une session de formation technique, entrepreneuriale et sociale destin\u00e9e aux migrants de retour. Cette session de formation a \u00e9t\u00e9 organis\u00e9e par l\u2019OIM en collaboration avec le MINJEC \/PARIJEDI, le MINADER et le MINAS.<\/em><\/p>\n","protected":false},"excerpt":{"rendered":"<p>Dans le cadre de la mise en \u0153uvre de l\u2019\u00ab&nbsp;INITIATIVE FFUE-OIM POUR LA PROTECTION ET LA REINSERTION DES MIGRANTS AU CAMEROUN&nbsp;\u00bb, le CMPJ de R\u00e9f\u00e9rence\/Madagascar a accueilli du 16 septembre au 04 octobre 2019, une session de formation technique, entrepreneuriale et sociale destin\u00e9e aux migrants de retour. Cette session de formation a \u00e9t\u00e9 organis\u00e9e par [&hellip;]<\/p>\n","protected":false},"author":3,"featured_media":470,"comment_status":"closed","ping_status":"closed","sticky":false,"template":"","format":"standard","meta":[],"categories":[9],"tags":[],"_links":{"self":[{"href":"https:\/\/parijedi.org\/en\/wp-json\/wp\/v2\/posts\/468"}],"collection":[{"href":"https:\/\/parijedi.org\/en\/wp-json\/wp\/v2\/posts"}],"about":[{"href":"https:\/\/parijedi.org\/en\/wp-json\/wp\/v2\/types\/post"}],"author":[{"embeddable":true,"href":"https:\/\/parijedi.org\/en\/wp-json\/wp\/v2\/users\/3"}],"replies":[{"embeddable":true,"href":"https:\/\/parijedi.org\/en\/wp-json\/wp\/v2\/comments?post=468"}],"version-history":[{"count":2,"href":"https:\/\/parijedi.org\/en\/wp-json\/wp\/v2\/posts\/468\/revisions"}],"predecessor-version":[{"id":472,"href":"https:\/\/parijedi.org\/en\/wp-json\/wp\/v2\/posts\/468\/revisions\/472"}],"wp:featuredmedia":[{"embeddable":true,"href":"https:\/\/parijedi.org\/en\/wp-json\/wp\/v2\/media\/470"}],"wp:attachment":[{"href":"https:\/\/parijedi.org\/en\/wp-json\/wp\/v2\/media?parent=468"}],"wp:term":[{"taxonomy":"category","embeddable":true,"href":"https:\/\/parijedi.org\/en\/wp-json\/wp\/v2\/categories?post=468"},{"taxonomy":"post_tag","embeddable":true,"href":"https:\/\/parijedi.org\/en\/wp-json\/wp\/v2\/tags?post=468"}],"curies":[{"name":"wp","href":"https:\/\/api.w.org\/{rel}","templated":true}]}}