{"id":347,"date":"2018-01-09T20:25:11","date_gmt":"2018-01-09T20:25:11","guid":{"rendered":"https:\/\/parijedi.org\/?p=347"},"modified":"2018-06-09T21:18:59","modified_gmt":"2018-06-09T21:18:59","slug":"minjec-oim-la-reinsertion-des-jeunes-migrants-au-centre-dune-collaboration","status":"publish","type":"post","link":"https:\/\/parijedi.org\/en\/a-la-une\/minjec-oim-la-reinsertion-des-jeunes-migrants-au-centre-dune-collaboration\/","title":{"rendered":"MINJEC &#8211; OIM : LA REINSERTION DES JEUNES MIGRANTS AU CENTRE D&#8217;UNE COLLABORATION."},"content":{"rendered":"<p><img loading=\"lazy\" class=\"aligncenter\" src=\"http:\/\/parijedi.org\/wp-content\/uploads\/2018\/06\/29101981_1671211142945172_6445691507742740739_n.jpg\" alt=\"\" width=\"530\" height=\"398\" \/><\/p>\n<p><strong>111 jeunes Camerounais<\/strong> rapatri\u00e9s seront install\u00e9s d\u00e8s ce 11 janvier 2018 apr\u00e8s avoir \u00e9labor\u00e9s des business plan. C\u2019est l\u2019annonce phare faite lors de la rencontre entre le ministre de la Jeunesse et le chef de Mission de l\u2019Organisation Internationale pour les Migrations (OIM) ce 09 janvier.<\/p>\n<p>Les questions de lutte contre l\u2019immigration clandestine et de r\u00e9insertion des jeunes rapatri\u00e9s ont toujours \u00e9t\u00e9 une pr\u00e9occupation majeure pour le gouvernement camerounais. En Avril 2017, le r\u00e9seau Allemand Tang en partenariat avec le minist\u00e8re de la Jeunesse et de l\u2019Education civique lan\u00e7ait une campagne baptis\u00e9e \u00ab No more death in the desert or the sea \/ plus de morts dans le d\u00e9sert ou en mer \u00bb \u00e0 l\u2019effet de d\u00e9courager les jeunes africains \u00e0 s\u2019aventurer dans le d\u00e9sert du Sahara ou la mer m\u00e9diterran\u00e9e et les amener \u00e0 s\u2019int\u00e9resser aux opportunit\u00e9s d\u2019insertion socio-\u00e9conomiques existantes au Cameroun.<br \/>\nDans le m\u00eame ordre d\u2019id\u00e9es, le minist\u00e8re des Relations ext\u00e9rieures et quelques organisations, ont organis\u00e9 \u00e0 l\u2019occasion de la c\u00e9l\u00e9bration de la Journ\u00e9e Internationale des Migrants le 18 d\u00e9cembre 2017, une s\u00e9rie d\u2019activit\u00e9s d\u2019information, de sensibilisation autour des enjeux et d\u00e9fis de l\u2019immigration. Lejeune Mbella Mbella, ministre des Relations ext\u00e9rieures avait indiqu\u00e9 \u00e0 l\u2019occasion, \u00ab les migrants sont d\u00e9sormais per\u00e7us comme \u00e9tant des citoyens pouss\u00e9s pour des raisons insoup\u00e7onn\u00e9s vers des ailleurs et des choix de vie tr\u00e8s peu reluisants \u00bb.<\/p>\n<p>L\u2019Organisation Internationale pour les Migrations (OIM), pour sa part, a men\u00e9 une op\u00e9ration de rapatriement des migrants en situation de d\u00e9tresse dans les pays de transit que sont la Libye, le Niger, la Mauritanie, le Maroc et le Mali. L\u2019\u00e9tape suivante, a \u00e9t\u00e9 l\u2019ex\u00e9cution du programme de protection et de r\u00e9int\u00e9gration des migrants. Une initiative, coordonn\u00e9e techniquement par l\u2019OIM, en synergie avec les administrations publiques et la soci\u00e9t\u00e9 civile avec le financement par l\u2019Union Europ\u00e9enne.<\/p>\n<p>Dr Boubacar Seydou, chef de mission de l\u2019OIM et repr\u00e9sentant r\u00e9sident de ladite organisation au Cameroun, est venu rencontrer le ministre en charge de la Jeunesse le 09 janvier 2018, afin de l\u2019informer sur le d\u00e9roulement dudit programme. \u00ab A ce jour, des business plans et plans d\u2019installation de 111 jeunes retourn\u00e9s sont pr\u00eats. Ils seront install\u00e9s d\u00e8s le 11 janvier 2018 et recevront des enveloppes et des kits. Nous allons travailler progressivement sur les 609 autres dossiers ouverts par les retourn\u00e9s \u00bb, a annonc\u00e9 l\u2019h\u00f4te du Minjec. Au total, 720 retourn\u00e9s seront encadr\u00e9s par l\u2019OIM avec l\u2019appui du minist\u00e8re de la Jeunesse et de l\u2019Education civique ainsi que la collaboration d\u2019autres parties prenantes.<\/p>\n<p>Lors de l\u2019audience, Dr Boubacar Seydou a tenu \u00e0 remercier le ministre Mounouna Foutsou pour la franche collaboration. \u00ab Nous avons concr\u00e9tis\u00e9 ce travail gr\u00e2ce \u00e0 la mise en place de dix experts en insertion sociale que le Minjec a mis \u00e0 notre disposition pour qu\u2019ils perfectionnent les plans d\u2019affaires. Nous nous sommes \u00e9galement rapproch\u00e9s des services du Minjec afin d\u2019aligner ce programme \u00e0 ceux qui sont d\u00e9j\u00e0 trac\u00e9s par le Gouvernement \u00bb a-t-il indiqu\u00e9.<\/p>\n<p>Cette visite de courtoisie a \u00e9galement permis aux deux hommes d\u2019explorer les cadres de collaboration. Dr Boubacar Seydou a \u00e9mis le souhait d\u2019associer le Minjec \u00e0 une campagne de sensibilisation et d\u00e9velopper \u00e0 l\u2019attention des jeunes de la diaspora Camerounaise, une plateforme d\u2019information sur les opportunit\u00e9s \u00e9conomiques. \u00ab Une coordination dans les trois sens entre l\u2019OIM, le minist\u00e8re de la Jeunesse et le minist\u00e8re des Relations ext\u00e9rieures est alors n\u00e9cessaire \u00bb. Pour le Minjec, \u00ab le travail a d\u00e9j\u00e0 commenc\u00e9 en ce qui concerne la plateforme. Votre contribution permettra de l\u2019institutionnaliser avec le Minist\u00e8re des Relations Ext\u00e9rieures \u00bb<\/p>\n","protected":false},"excerpt":{"rendered":"<p>111 jeunes Camerounais rapatri\u00e9s seront install\u00e9s d\u00e8s ce 11 janvier 2018 apr\u00e8s avoir \u00e9labor\u00e9s des business plan. C\u2019est l\u2019annonce phare faite lors de la rencontre entre le ministre de la Jeunesse et le chef de Mission de l\u2019Organisation Internationale pour les Migrations (OIM) ce 09 janvier. Les questions de lutte contre l\u2019immigration clandestine et de [&hellip;]<\/p>\n","protected":false},"author":3,"featured_media":348,"comment_status":"closed","ping_status":"closed","sticky":false,"template":"","format":"standard","meta":[],"categories":[9],"tags":[],"_links":{"self":[{"href":"https:\/\/parijedi.org\/en\/wp-json\/wp\/v2\/posts\/347"}],"collection":[{"href":"https:\/\/parijedi.org\/en\/wp-json\/wp\/v2\/posts"}],"about":[{"href":"https:\/\/parijedi.org\/en\/wp-json\/wp\/v2\/types\/post"}],"author":[{"embeddable":true,"href":"https:\/\/parijedi.org\/en\/wp-json\/wp\/v2\/users\/3"}],"replies":[{"embeddable":true,"href":"https:\/\/parijedi.org\/en\/wp-json\/wp\/v2\/comments?post=347"}],"version-history":[{"count":1,"href":"https:\/\/parijedi.org\/en\/wp-json\/wp\/v2\/posts\/347\/revisions"}],"predecessor-version":[{"id":349,"href":"https:\/\/parijedi.org\/en\/wp-json\/wp\/v2\/posts\/347\/revisions\/349"}],"wp:featuredmedia":[{"embeddable":true,"href":"https:\/\/parijedi.org\/en\/wp-json\/wp\/v2\/media\/348"}],"wp:attachment":[{"href":"https:\/\/parijedi.org\/en\/wp-json\/wp\/v2\/media?parent=347"}],"wp:term":[{"taxonomy":"category","embeddable":true,"href":"https:\/\/parijedi.org\/en\/wp-json\/wp\/v2\/categories?post=347"},{"taxonomy":"post_tag","embeddable":true,"href":"https:\/\/parijedi.org\/en\/wp-json\/wp\/v2\/tags?post=347"}],"curies":[{"name":"wp","href":"https:\/\/api.w.org\/{rel}","templated":true}]}}