{"id":299,"date":"2018-06-09T06:12:38","date_gmt":"2018-06-09T06:12:38","guid":{"rendered":"https:\/\/parijedi.org\/?p=299"},"modified":"2018-06-18T06:45:52","modified_gmt":"2018-06-18T06:45:52","slug":"communication-gouvernementale-le-ministre-de-la-jeunesse-et-de-leducation-civique-repond-en-live-sur-internet-aux-questions-des-jeunes-camerounais-de-la-diaspora","status":"publish","type":"post","link":"https:\/\/parijedi.org\/en\/actualites\/communication-gouvernementale-le-ministre-de-la-jeunesse-et-de-leducation-civique-repond-en-live-sur-internet-aux-questions-des-jeunes-camerounais-de-la-diaspora\/","title":{"rendered":"COMMUNICATION GOUVERNEMENTALE: Le Ministre de la Jeunesse et de l&#8217;Education Civique r\u00e9pond en live sur internet aux questions des jeunes Camerounais de la Diaspora."},"content":{"rendered":"<p><img loading=\"lazy\" class=\"aligncenter\" src=\"http:\/\/parijedi.org\/wp-content\/uploads\/2018\/06\/33656566_1749368768462742_2593417969061068800_o.jpg\" alt=\"\" width=\"540\" height=\"237\" \/><\/p>\n<p>Le Minjec Mounouna Foutsou etait en direct hier \u00e0 17h sur la page facebook de Steve Fah.<\/p>\n<p>Le signal partag\u00e9 sur les plateformes du Minjec met en contact le ministre et les internautes Camerounais d&#8217;ici et d&#8217;ailleurs.<\/p>\n<p>Entre autres comme questions pos\u00e9es par les internautes tant en vid\u00e9o qu&#8217;en commentaire, le centr<span class=\"text_exposed_show\">e d&#8217;int\u00e9r\u00eat demeure l&#8217;insertion socio \u00e9conomique des jeunes, y compris ceux de la diaspora. En guise de r\u00e9ponse Mounouna Foutsou a cit\u00e9 tous les m\u00e9canismes mis en place par le gouvernement pour faciliter par exemple le rapatriement des camerounais en difficult\u00e9 en Lybie et leur prise en main en collaboration avec l&#8217;organisation internationale de migration. Sur les autres cas, le minjec a pr\u00e9sent\u00e9 le Pari Jedi comme un outil \u00e0 mettre \u00e0 profit par les jeunes de la diaspora pour le retour et leur insertion au Cameroun.<\/span><\/p>\n<p><span class=\"text_exposed_show\"><br \/>\nEnfin, le membre du gouvernement a cit\u00e9 le plan triennal sp\u00e9cial jeunes comme une opportunit\u00e9 offerte par le chef de l&#8217;\u00c9tat SE Paul Biya.<\/span><\/p>\n<p><span class=\"text_exposed_show\"><br \/>\nLe Minjec avait a ses cot\u00e9s Monsieur Yves Freddy YOKO, Coordonnateur National du Pari-Jedi.<br \/>\nLa vid\u00e9o compl\u00e8te des ces \u00e9changes est partag\u00e9e sur notre page facebook.<\/span><\/p>\n","protected":false},"excerpt":{"rendered":"<p>Le Minjec Mounouna Foutsou etait en direct hier \u00e0 17h sur la page facebook de Steve Fah. Le signal partag\u00e9 sur les plateformes du Minjec met en contact le ministre et les internautes Camerounais d&#8217;ici et d&#8217;ailleurs. Entre autres comme questions pos\u00e9es par les internautes tant en vid\u00e9o qu&#8217;en commentaire, le centre d&#8217;int\u00e9r\u00eat demeure l&#8217;insertion [&hellip;]<\/p>\n","protected":false},"author":3,"featured_media":298,"comment_status":"closed","ping_status":"closed","sticky":false,"template":"","format":"standard","meta":[],"categories":[7],"tags":[],"_links":{"self":[{"href":"https:\/\/parijedi.org\/en\/wp-json\/wp\/v2\/posts\/299"}],"collection":[{"href":"https:\/\/parijedi.org\/en\/wp-json\/wp\/v2\/posts"}],"about":[{"href":"https:\/\/parijedi.org\/en\/wp-json\/wp\/v2\/types\/post"}],"author":[{"embeddable":true,"href":"https:\/\/parijedi.org\/en\/wp-json\/wp\/v2\/users\/3"}],"replies":[{"embeddable":true,"href":"https:\/\/parijedi.org\/en\/wp-json\/wp\/v2\/comments?post=299"}],"version-history":[{"count":4,"href":"https:\/\/parijedi.org\/en\/wp-json\/wp\/v2\/posts\/299\/revisions"}],"predecessor-version":[{"id":431,"href":"https:\/\/parijedi.org\/en\/wp-json\/wp\/v2\/posts\/299\/revisions\/431"}],"wp:featuredmedia":[{"embeddable":true,"href":"https:\/\/parijedi.org\/en\/wp-json\/wp\/v2\/media\/298"}],"wp:attachment":[{"href":"https:\/\/parijedi.org\/en\/wp-json\/wp\/v2\/media?parent=299"}],"wp:term":[{"taxonomy":"category","embeddable":true,"href":"https:\/\/parijedi.org\/en\/wp-json\/wp\/v2\/categories?post=299"},{"taxonomy":"post_tag","embeddable":true,"href":"https:\/\/parijedi.org\/en\/wp-json\/wp\/v2\/tags?post=299"}],"curies":[{"name":"wp","href":"https:\/\/api.w.org\/{rel}","templated":true}]}}