{"id":1082,"date":"2023-08-08T18:25:40","date_gmt":"2023-08-08T17:25:40","guid":{"rendered":"https:\/\/parijedi.org\/?p=1082"},"modified":"2023-08-08T18:25:42","modified_gmt":"2023-08-08T17:25:42","slug":"participation-du-docteur-severin-kezeu-camerounais-de-la-diaspora-a-leffort-de-construction-nationale-du-29-janvier-au-16-fevrier-2023","status":"publish","type":"post","link":"https:\/\/parijedi.org\/en\/uncategorized\/participation-du-docteur-severin-kezeu-camerounais-de-la-diaspora-a-leffort-de-construction-nationale-du-29-janvier-au-16-fevrier-2023\/","title":{"rendered":"PARTICIPATION DU DOCTEUR SEVERIN KEZEU, CAMEROUNAIS DE LA DIASPORA A L\u2019EFFORT DE CONSTRUCTION NATIONALE, du 29 Janvier au 16 F\u00e9vrier 2023."},"content":{"rendered":"\n<figure class=\"wp-block-image size-full\"><a href=\"https:\/\/parijedi.org\/wp-content\/uploads\/2023\/08\/audience-au-MINJEC.jpeg\"><img loading=\"lazy\" width=\"723\" height=\"498\" src=\"https:\/\/parijedi.org\/wp-content\/uploads\/2023\/08\/audience-au-MINJEC.jpeg\" alt=\"\" class=\"wp-image-1086\" srcset=\"https:\/\/parijedi.org\/wp-content\/uploads\/2023\/08\/audience-au-MINJEC.jpeg 723w, https:\/\/parijedi.org\/wp-content\/uploads\/2023\/08\/audience-au-MINJEC-300x207.jpeg 300w, https:\/\/parijedi.org\/wp-content\/uploads\/2023\/08\/audience-au-MINJEC-160x110.jpeg 160w, https:\/\/parijedi.org\/wp-content\/uploads\/2023\/08\/audience-au-MINJEC-363x250.jpeg 363w\" sizes=\"(max-width: 723px) 100vw, 723px\" \/><\/a><\/figure>\n\n\n\n<p class=\"has-pale-cyan-blue-background-color has-background\">En date du 29 janvier au 16 f\u00e9vrier 2023, son Excellence MOUNOUNA FOUTSOU, Ministre de la Jeunesse et de l\u2019Education Civique a re\u00e7u au Cameroun le Docteur S\u00e9verin KEZEU, Ing\u00e9nieur en Sciences Informatiques et Docteur en Robotique et Intelligence Artificielle, par ailleurs Inventeur et CEO de la Soci\u00e9t\u00e9 KeyZane Corp bas\u00e9e aux Etats-Unis dans la Silicon Valley, du syst\u00e8me anticollision 3D r\u00e9volutionnaire pour les engins mobiles (trains, bateaux, avions, voitures, grues&#8230;) et de la super application Keyzane, comme Mascotte de la 57\u00e9me \u00e9dition de la F\u00eate de la Jeunesse, suite \u00e0 la Grande Rencontre Gouvernement\/Diaspora tenue en R\u00e9publique F\u00e9d\u00e9rale d\u2019Allemagne au mois de juin 2022, avec les Leaders des Associations des Camerounais de la Diaspora, sous l\u2019impulsion du Minist\u00e8re de la Jeunesse et de l\u2019Education Civique (MINJEC), \u00e0 travers le Programme d\u2019Aide au Retour et \u00e0 l\u2019Insertion des Jeunes de la Diaspora (PARI-JEDI). Cette initiative trouve son sens dans la mesure o\u00f9 le retour et l\u2019implication de la diaspora dans le d\u00e9veloppement du Cameroun, notamment celle hautement qualifi\u00e9e, constituent un moyen de favoriser le d\u00e9veloppement national et local.<\/p>\n\n\n\n<p class=\"has-vivid-red-background-color has-background\">L\u2019objectif principal de cette mission \u00e9tait de promouvoir le transfert des comp\u00e9tences, les savoir-faire et le renforcement des capacit\u00e9s des ressources humaines au sein des structures b\u00e9n\u00e9ficiaires en s\u2019appuyant sur la solidarit\u00e9 et l\u2019engagement citoyen de l\u2019expert volontaire S\u00e9verin KEZEU<strong>.<\/strong><\/p>\n\n\n\n<p class=\"has-vivid-green-cyan-background-color has-background\">Durant son s\u00e9jour qui a couru du 29 janvier au 16 f\u00e9vrier 2023, les activit\u00e9s du Docteur S\u00e9verin KEZEU au Cameroun, se sont d\u00e9roul\u00e9es dans les R\u00e9gions de l\u2019Ouest, du Littoral, du Centre et du Sud et ont \u00e9t\u00e9 marqu\u00e9es par :<\/p>\n\n\n\n<ul class=\"has-pale-cyan-blue-background-color has-background\"><li>Des rencontres avec des enseignants et des \u00e9changes d\u2019exp\u00e9riences qui avaient pour objectifs d\u2019\u00e9difier les \u00e9l\u00e8ves et \u00e9tudiants sur les opportunit\u00e9s de r\u00e9ussite au terme de l\u2019effort et du travail bien fait&nbsp;;<\/li><li>l\u2019examen des possibilit\u00e9s de cr\u00e9er des joint-ventures avec les entreprises avec lesquelles il collabore dans le cadre d\u2019un appui technique de production en intelligence artificielle ou des jumelages de nos Universit\u00e9s et Grandes Ecoles Camerounaises avec celles d\u2019outre-mer.<\/li><\/ul>\n\n\n\n<p class=\"has-pale-pink-background-color has-background\">Il a \u00e9galement pris part \u00e0 plusieurs activit\u00e9s organis\u00e9es par le <strong>Minist\u00e8re de la Jeunesse et de l\u2019Education Civique,<\/strong> notamment la finale de football d\u00e9nomm\u00e9e FESTI\u2013DIASPORA et le d\u00e9fil\u00e9 du 11 f\u00e9vrier, ainsi que des audiences avec plusieurs autres D\u00e9partements Minist\u00e9riels.<\/p>\n\n\n\n<p class=\"has-light-green-cyan-background-color has-background\">Durant ces rencontres, plusieurs suggestions ont \u00e9t\u00e9 faites dans le but d\u2019am\u00e9liorer la qualit\u00e9 des prochaines missions de participation de la diaspora, et de p\u00e9renniser ce type d\u2019activit\u00e9 en direction d\u2019autres jeunes talentueux de la diaspora.<\/p>\n\n\n\n<figure class=\"wp-block-image size-full\"><a href=\"https:\/\/parijedi.org\/wp-content\/uploads\/2023\/08\/Arrivee-Dr-Severin.jpeg\"><img loading=\"lazy\" width=\"789\" height=\"346\" src=\"https:\/\/parijedi.org\/wp-content\/uploads\/2023\/08\/Arrivee-Dr-Severin.jpeg\" alt=\"\" class=\"wp-image-1087\" srcset=\"https:\/\/parijedi.org\/wp-content\/uploads\/2023\/08\/Arrivee-Dr-Severin.jpeg 789w, https:\/\/parijedi.org\/wp-content\/uploads\/2023\/08\/Arrivee-Dr-Severin-300x132.jpeg 300w, https:\/\/parijedi.org\/wp-content\/uploads\/2023\/08\/Arrivee-Dr-Severin-768x337.jpeg 768w, https:\/\/parijedi.org\/wp-content\/uploads\/2023\/08\/Arrivee-Dr-Severin-170x75.jpeg 170w, https:\/\/parijedi.org\/wp-content\/uploads\/2023\/08\/Arrivee-Dr-Severin-370x162.jpeg 370w, https:\/\/parijedi.org\/wp-content\/uploads\/2023\/08\/Arrivee-Dr-Severin-780x342.jpeg 780w\" sizes=\"(max-width: 789px) 100vw, 789px\" \/><\/a><\/figure>\n\n\n\n<figure class=\"wp-block-image size-full\"><a href=\"https:\/\/parijedi.org\/wp-content\/uploads\/2023\/08\/Conseil-Regional-Ouest.jpeg\"><img loading=\"lazy\" width=\"583\" height=\"849\" src=\"https:\/\/parijedi.org\/wp-content\/uploads\/2023\/08\/Conseil-Regional-Ouest.jpeg\" alt=\"\" class=\"wp-image-1088\" srcset=\"https:\/\/parijedi.org\/wp-content\/uploads\/2023\/08\/Conseil-Regional-Ouest.jpeg 583w, https:\/\/parijedi.org\/wp-content\/uploads\/2023\/08\/Conseil-Regional-Ouest-206x300.jpeg 206w, https:\/\/parijedi.org\/wp-content\/uploads\/2023\/08\/Conseil-Regional-Ouest-76x110.jpeg 76w, https:\/\/parijedi.org\/wp-content\/uploads\/2023\/08\/Conseil-Regional-Ouest-172x250.jpeg 172w, https:\/\/parijedi.org\/wp-content\/uploads\/2023\/08\/Conseil-Regional-Ouest-374x544.jpeg 374w\" sizes=\"(max-width: 583px) 100vw, 583px\" \/><\/a><\/figure>\n\n\n\n<figure class=\"wp-block-image size-full\"><a href=\"https:\/\/parijedi.org\/wp-content\/uploads\/2023\/08\/Conseil-Regional-littoral-1.jpeg\"><img loading=\"lazy\" width=\"605\" height=\"840\" src=\"https:\/\/parijedi.org\/wp-content\/uploads\/2023\/08\/Conseil-Regional-littoral-1.jpeg\" alt=\"\" class=\"wp-image-1090\" srcset=\"https:\/\/parijedi.org\/wp-content\/uploads\/2023\/08\/Conseil-Regional-littoral-1.jpeg 605w, https:\/\/parijedi.org\/wp-content\/uploads\/2023\/08\/Conseil-Regional-littoral-1-216x300.jpeg 216w, https:\/\/parijedi.org\/wp-content\/uploads\/2023\/08\/Conseil-Regional-littoral-1-79x110.jpeg 79w, https:\/\/parijedi.org\/wp-content\/uploads\/2023\/08\/Conseil-Regional-littoral-1-180x250.jpeg 180w, https:\/\/parijedi.org\/wp-content\/uploads\/2023\/08\/Conseil-Regional-littoral-1-392x544.jpeg 392w\" sizes=\"(max-width: 605px) 100vw, 605px\" \/><\/a><\/figure>\n\n\n\n<figure class=\"wp-block-image size-full is-resized\"><a href=\"https:\/\/parijedi.org\/wp-content\/uploads\/2023\/08\/MINESEC-1.jpeg\"><img loading=\"lazy\" src=\"https:\/\/parijedi.org\/wp-content\/uploads\/2023\/08\/MINESEC-1.jpeg\" alt=\"\" class=\"wp-image-1095\" width=\"620\" height=\"910\" srcset=\"https:\/\/parijedi.org\/wp-content\/uploads\/2023\/08\/MINESEC-1.jpeg 620w, https:\/\/parijedi.org\/wp-content\/uploads\/2023\/08\/MINESEC-1-204x300.jpeg 204w, https:\/\/parijedi.org\/wp-content\/uploads\/2023\/08\/MINESEC-1-75x110.jpeg 75w, https:\/\/parijedi.org\/wp-content\/uploads\/2023\/08\/MINESEC-1-170x250.jpeg 170w, https:\/\/parijedi.org\/wp-content\/uploads\/2023\/08\/MINESEC-1-371x544.jpeg 371w\" sizes=\"(max-width: 620px) 100vw, 620px\" \/><\/a><\/figure>\n\n\n\n<figure class=\"wp-block-image is-resized\"><img width=\"637\" height=\"880\"\/><\/figure>\n\n\n\n<div class=\"wp-block-file\"><a href=\"blob:https:\/\/parijedi.org\/01d25ca2-34b5-44f0-b40a-0203963cdfca\" class=\"wp-block-file__button\" download>T\u00e9l\u00e9charger<\/a><\/div>\n\n\n\n<p><\/p>\n","protected":false},"excerpt":{"rendered":"<p>En date du 29 janvier au 16 f\u00e9vrier 2023, son Excellence MOUNOUNA FOUTSOU, Ministre de la Jeunesse et de l\u2019Education Civique a re\u00e7u au Cameroun le Docteur S\u00e9verin KEZEU, Ing\u00e9nieur en Sciences Informatiques et Docteur en Robotique et Intelligence Artificielle, par ailleurs Inventeur et CEO de la Soci\u00e9t\u00e9 KeyZane Corp bas\u00e9e aux Etats-Unis dans la [&hellip;]<\/p>\n","protected":false},"author":3,"featured_media":1086,"comment_status":"closed","ping_status":"closed","sticky":false,"template":"","format":"standard","meta":[],"categories":[1],"tags":[],"_links":{"self":[{"href":"https:\/\/parijedi.org\/en\/wp-json\/wp\/v2\/posts\/1082"}],"collection":[{"href":"https:\/\/parijedi.org\/en\/wp-json\/wp\/v2\/posts"}],"about":[{"href":"https:\/\/parijedi.org\/en\/wp-json\/wp\/v2\/types\/post"}],"author":[{"embeddable":true,"href":"https:\/\/parijedi.org\/en\/wp-json\/wp\/v2\/users\/3"}],"replies":[{"embeddable":true,"href":"https:\/\/parijedi.org\/en\/wp-json\/wp\/v2\/comments?post=1082"}],"version-history":[{"count":2,"href":"https:\/\/parijedi.org\/en\/wp-json\/wp\/v2\/posts\/1082\/revisions"}],"predecessor-version":[{"id":1098,"href":"https:\/\/parijedi.org\/en\/wp-json\/wp\/v2\/posts\/1082\/revisions\/1098"}],"wp:featuredmedia":[{"embeddable":true,"href":"https:\/\/parijedi.org\/en\/wp-json\/wp\/v2\/media\/1086"}],"wp:attachment":[{"href":"https:\/\/parijedi.org\/en\/wp-json\/wp\/v2\/media?parent=1082"}],"wp:term":[{"taxonomy":"category","embeddable":true,"href":"https:\/\/parijedi.org\/en\/wp-json\/wp\/v2\/categories?post=1082"},{"taxonomy":"post_tag","embeddable":true,"href":"https:\/\/parijedi.org\/en\/wp-json\/wp\/v2\/tags?post=1082"}],"curies":[{"name":"wp","href":"https:\/\/api.w.org\/{rel}","templated":true}]}}