{"id":1041,"date":"2023-08-02T16:25:54","date_gmt":"2023-08-02T15:25:54","guid":{"rendered":"https:\/\/parijedi.org\/?p=1041"},"modified":"2023-08-02T16:25:55","modified_gmt":"2023-08-02T15:25:55","slug":"mission-du-programme-daide-au-retour-et-a-linsertion-des-jeunes-de-la-diaspora-pari-jedi-en-allemagne","status":"publish","type":"post","link":"https:\/\/parijedi.org\/en\/uncategorized\/mission-du-programme-daide-au-retour-et-a-linsertion-des-jeunes-de-la-diaspora-pari-jedi-en-allemagne\/","title":{"rendered":"MISSION DU PROGRAMME D\u2019AIDE AU RETOUR ET A L\u2019INSERTION DES JEUNES DE LA DIASPORA (PARI-JEDI) EN ALLEMAGNE"},"content":{"rendered":"\n<figure class=\"wp-block-image size-full\"><a href=\"https:\/\/parijedi.org\/wp-content\/uploads\/2023\/08\/image-4.png\"><img loading=\"lazy\" width=\"678\" height=\"338\" src=\"https:\/\/parijedi.org\/wp-content\/uploads\/2023\/08\/image-4.png\" alt=\"\" class=\"wp-image-1042\" srcset=\"https:\/\/parijedi.org\/wp-content\/uploads\/2023\/08\/image-4.png 678w, https:\/\/parijedi.org\/wp-content\/uploads\/2023\/08\/image-4-300x150.png 300w, https:\/\/parijedi.org\/wp-content\/uploads\/2023\/08\/image-4-170x85.png 170w, https:\/\/parijedi.org\/wp-content\/uploads\/2023\/08\/image-4-370x184.png 370w\" sizes=\"(max-width: 678px) 100vw, 678px\" \/><\/a><\/figure>\n\n\n\n<p>Dans la perspective de mat\u00e9rialiser la vision du Chef de l\u2019Etat selon laquelle il souhaite que la diaspora revienne de fa\u00e7on effective contribuer \u00e0 l\u2019\u0153uvre de construction nationale, \u00e9tant donn\u00e9 le r\u00f4le de celle-ci dans le processus de d\u00e9veloppement du pays d\u2019une part et le souhait de se positionner comme un leader de la diaspora ayant d\u00e9cid\u00e9 de participer de fa\u00e7on volontaire \u00e0 l\u2019\u00e9dification de la nation Camerounaise, M. HIOBI Bernard Val\u00e8re, Pr\u00e9sident de <strong>My Africa eV<\/strong> et par ailleurs Directeur G\u00e9n\u00e9ral de la \u00ab\u00a0<strong>German Business Center Hima<\/strong>\u00a0\u00bb a invit\u00e9 Monsieur le Ministre de la Jeunesse et de l\u2019Education Civique en Allemagne en f\u00e9vrier 2022, dans le but de sensibiliser la jeunesse r\u00e9sidant en Allemagne sur la mission de promotion des initiatives de la diaspora au Cameroun, sur les actions du Programme d\u2019Aide au Retour et \u00e0 l\u2019Insertion des Jeunes de la Diaspora (PARI-JEDI), ainsi que s\u2019entretenir avec les partenaires allemands de My Africa ev, alli\u00e9s de \u00ab\u00a0German Business Center Hima \u00bb dans l\u2019impl\u00e9mentation de la formation des jeunes, selon le mod\u00e8le Allemand dans les Centres Multifonctionnels de Promotion des Jeunes. Compte tenu de certaines contingences, la mission n\u2019a pas pu se tenir en f\u00e9vrier comme pr\u00e9vu. Cependant, gr\u00e2ce au Tr\u00e8s Hautes instructions du Pr\u00e9sident de la R\u00e9publique de reprogrammer ladite mission, c\u2019est du 20 au 27 juin 2022, qu\u2019elle a finalement eu lieu.<\/p>\n\n\n\n<p>Cette invitation, coupl\u00e9 \u00e0 la r\u00e9silience traduit l\u2019engouement que porte ce compatriote \u00e0 vouloir participer au d\u00e9veloppement et \u00e0 l\u2019essor du pays \u00e0 travers ses actions et ses initiatives.<\/p>\n\n\n\n<figure class=\"wp-block-image size-full is-resized\"><a href=\"https:\/\/parijedi.org\/wp-content\/uploads\/2023\/08\/image-5.png\"><img loading=\"lazy\" src=\"https:\/\/parijedi.org\/wp-content\/uploads\/2023\/08\/image-5.png\" alt=\"\" class=\"wp-image-1043\" width=\"642\" height=\"424\" srcset=\"https:\/\/parijedi.org\/wp-content\/uploads\/2023\/08\/image-5.png 642w, https:\/\/parijedi.org\/wp-content\/uploads\/2023\/08\/image-5-300x198.png 300w, https:\/\/parijedi.org\/wp-content\/uploads\/2023\/08\/image-5-167x110.png 167w, https:\/\/parijedi.org\/wp-content\/uploads\/2023\/08\/image-5-370x244.png 370w\" sizes=\"(max-width: 642px) 100vw, 642px\" \/><\/a><figcaption>Monsieur <strong>Mounouna Foutsou<\/strong>, Ministre de la Jeunesse et de l\u2019Education Civique et son S.E. Monsieur NDOCKI Victor, Ambassadeur du Cameroun en R\u00e9publique F\u00e9d\u00e9rale d\u2019Allemagne ont sign\u00e9 le livre d&#8217;or de la mairie de Heilbronn.<\/figcaption><\/figure>\n\n\n\n<figure class=\"wp-block-image size-full\"><a href=\"https:\/\/parijedi.org\/wp-content\/uploads\/2023\/08\/image-6.png\"><img loading=\"lazy\" width=\"643\" height=\"334\" src=\"https:\/\/parijedi.org\/wp-content\/uploads\/2023\/08\/image-6.png\" alt=\"\" class=\"wp-image-1044\" srcset=\"https:\/\/parijedi.org\/wp-content\/uploads\/2023\/08\/image-6.png 643w, https:\/\/parijedi.org\/wp-content\/uploads\/2023\/08\/image-6-300x156.png 300w, https:\/\/parijedi.org\/wp-content\/uploads\/2023\/08\/image-6-170x88.png 170w, https:\/\/parijedi.org\/wp-content\/uploads\/2023\/08\/image-6-370x192.png 370w\" sizes=\"(max-width: 643px) 100vw, 643px\" \/><\/a><figcaption>Echange des cadeaux<\/figcaption><\/figure>\n\n\n\n<figure class=\"wp-block-image size-full\"><a href=\"https:\/\/parijedi.org\/wp-content\/uploads\/2023\/08\/image-7.png\"><img loading=\"lazy\" width=\"710\" height=\"440\" src=\"https:\/\/parijedi.org\/wp-content\/uploads\/2023\/08\/image-7.png\" alt=\"\" class=\"wp-image-1045\" srcset=\"https:\/\/parijedi.org\/wp-content\/uploads\/2023\/08\/image-7.png 710w, https:\/\/parijedi.org\/wp-content\/uploads\/2023\/08\/image-7-300x186.png 300w, https:\/\/parijedi.org\/wp-content\/uploads\/2023\/08\/image-7-170x105.png 170w, https:\/\/parijedi.org\/wp-content\/uploads\/2023\/08\/image-7-370x229.png 370w\" sizes=\"(max-width: 710px) 100vw, 710px\" \/><\/a><\/figure>\n\n\n\n<figure class=\"wp-block-image size-full\"><a href=\"https:\/\/parijedi.org\/wp-content\/uploads\/2023\/08\/image-8.png\"><img loading=\"lazy\" width=\"665\" height=\"374\" src=\"https:\/\/parijedi.org\/wp-content\/uploads\/2023\/08\/image-8.png\" alt=\"\" class=\"wp-image-1046\" srcset=\"https:\/\/parijedi.org\/wp-content\/uploads\/2023\/08\/image-8.png 665w, https:\/\/parijedi.org\/wp-content\/uploads\/2023\/08\/image-8-300x169.png 300w, https:\/\/parijedi.org\/wp-content\/uploads\/2023\/08\/image-8-170x96.png 170w, https:\/\/parijedi.org\/wp-content\/uploads\/2023\/08\/image-8-370x208.png 370w\" sizes=\"(max-width: 665px) 100vw, 665px\" \/><\/a><figcaption>Monsieur <strong>Andreas Konrad<\/strong>, Maire de la commune de Neuenstadt,  pr\u00e9sent les atouts de sa commune et le r\u00f4le que joue l\u2019entreprise F\u00f6rch dans son d\u00e9veloppement<\/figcaption><\/figure>\n\n\n\n<figure class=\"wp-block-image size-full\"><a href=\"https:\/\/parijedi.org\/wp-content\/uploads\/2023\/08\/image-9.png\"><img loading=\"lazy\" width=\"724\" height=\"754\" src=\"https:\/\/parijedi.org\/wp-content\/uploads\/2023\/08\/image-9.png\" alt=\"\" class=\"wp-image-1047\" srcset=\"https:\/\/parijedi.org\/wp-content\/uploads\/2023\/08\/image-9.png 724w, https:\/\/parijedi.org\/wp-content\/uploads\/2023\/08\/image-9-288x300.png 288w, https:\/\/parijedi.org\/wp-content\/uploads\/2023\/08\/image-9-106x110.png 106w, https:\/\/parijedi.org\/wp-content\/uploads\/2023\/08\/image-9-240x250.png 240w, https:\/\/parijedi.org\/wp-content\/uploads\/2023\/08\/image-9-522x544.png 522w\" sizes=\"(max-width: 724px) 100vw, 724px\" \/><\/a><figcaption><br>Signature du livre d\u2019or de l\u2019entreprise F\u00f6rch et la photo de famille<\/figcaption><\/figure>\n\n\n\n<figure class=\"wp-block-image size-full\"><a href=\"https:\/\/parijedi.org\/wp-content\/uploads\/2023\/08\/image-10.png\"><img loading=\"lazy\" width=\"680\" height=\"833\" src=\"https:\/\/parijedi.org\/wp-content\/uploads\/2023\/08\/image-10.png\" alt=\"\" class=\"wp-image-1048\" srcset=\"https:\/\/parijedi.org\/wp-content\/uploads\/2023\/08\/image-10.png 680w, https:\/\/parijedi.org\/wp-content\/uploads\/2023\/08\/image-10-245x300.png 245w, https:\/\/parijedi.org\/wp-content\/uploads\/2023\/08\/image-10-90x110.png 90w, https:\/\/parijedi.org\/wp-content\/uploads\/2023\/08\/image-10-204x250.png 204w, https:\/\/parijedi.org\/wp-content\/uploads\/2023\/08\/image-10-444x544.png 444w\" sizes=\"(max-width: 680px) 100vw, 680px\" \/><\/a><\/figure>\n\n\n\n<figure class=\"wp-block-image size-full\"><a href=\"https:\/\/parijedi.org\/wp-content\/uploads\/2023\/08\/image-11.png\"><img loading=\"lazy\" width=\"626\" height=\"797\" src=\"https:\/\/parijedi.org\/wp-content\/uploads\/2023\/08\/image-11.png\" alt=\"\" class=\"wp-image-1049\" srcset=\"https:\/\/parijedi.org\/wp-content\/uploads\/2023\/08\/image-11.png 626w, https:\/\/parijedi.org\/wp-content\/uploads\/2023\/08\/image-11-236x300.png 236w, https:\/\/parijedi.org\/wp-content\/uploads\/2023\/08\/image-11-86x110.png 86w, https:\/\/parijedi.org\/wp-content\/uploads\/2023\/08\/image-11-196x250.png 196w, https:\/\/parijedi.org\/wp-content\/uploads\/2023\/08\/image-11-427x544.png 427w\" sizes=\"(max-width: 626px) 100vw, 626px\" \/><\/a><figcaption><br><strong><em>Visite du coll\u00e8ge technique Christian Schmidt, du centre d\u2019\u00e9ducation et de technologie et \u00e9changes avec le Maire de Neckarsulm<\/em><\/strong><\/figcaption><\/figure>\n\n\n\n<div class=\"wp-block-image\"><figure class=\"alignleft size-full\"><a href=\"https:\/\/parijedi.org\/wp-content\/uploads\/2023\/08\/image-12.png\"><img loading=\"lazy\" width=\"575\" height=\"326\" src=\"https:\/\/parijedi.org\/wp-content\/uploads\/2023\/08\/image-12.png\" alt=\"\" class=\"wp-image-1050\" srcset=\"https:\/\/parijedi.org\/wp-content\/uploads\/2023\/08\/image-12.png 575w, https:\/\/parijedi.org\/wp-content\/uploads\/2023\/08\/image-12-300x170.png 300w, https:\/\/parijedi.org\/wp-content\/uploads\/2023\/08\/image-12-170x96.png 170w, https:\/\/parijedi.org\/wp-content\/uploads\/2023\/08\/image-12-370x210.png 370w\" sizes=\"(max-width: 575px) 100vw, 575px\" \/><\/a><figcaption><strong>Participation du MINJEC au forum Africa Investment Day,<br>\u00a0aux c\u00f4t\u00e9s de ses homologues du Gabon et du S\u00e9n\u00e9gal<\/strong><\/figcaption><\/figure><\/div>\n\n\n\n<figure class=\"wp-block-image size-full\"><a href=\"https:\/\/parijedi.org\/wp-content\/uploads\/2023\/08\/image-13.png\"><img loading=\"lazy\" width=\"618\" height=\"837\" src=\"https:\/\/parijedi.org\/wp-content\/uploads\/2023\/08\/image-13.png\" alt=\"\" class=\"wp-image-1051\" srcset=\"https:\/\/parijedi.org\/wp-content\/uploads\/2023\/08\/image-13.png 618w, https:\/\/parijedi.org\/wp-content\/uploads\/2023\/08\/image-13-222x300.png 222w, https:\/\/parijedi.org\/wp-content\/uploads\/2023\/08\/image-13-81x110.png 81w, https:\/\/parijedi.org\/wp-content\/uploads\/2023\/08\/image-13-185x250.png 185w, https:\/\/parijedi.org\/wp-content\/uploads\/2023\/08\/image-13-402x544.png 402w\" sizes=\"(max-width: 618px) 100vw, 618px\" \/><\/a><\/figure>\n\n\n\n<figure class=\"wp-block-image size-full\"><a href=\"https:\/\/parijedi.org\/wp-content\/uploads\/2023\/08\/image-14.png\"><img loading=\"lazy\" width=\"610\" height=\"330\" src=\"https:\/\/parijedi.org\/wp-content\/uploads\/2023\/08\/image-14.png\" alt=\"\" class=\"wp-image-1052\" srcset=\"https:\/\/parijedi.org\/wp-content\/uploads\/2023\/08\/image-14.png 610w, https:\/\/parijedi.org\/wp-content\/uploads\/2023\/08\/image-14-300x162.png 300w, https:\/\/parijedi.org\/wp-content\/uploads\/2023\/08\/image-14-170x92.png 170w, https:\/\/parijedi.org\/wp-content\/uploads\/2023\/08\/image-14-370x200.png 370w\" sizes=\"(max-width: 610px) 100vw, 610px\" \/><\/a><\/figure>\n\n\n\n<figure class=\"wp-block-image size-full\"><a href=\"https:\/\/parijedi.org\/wp-content\/uploads\/2023\/08\/image-15.png\"><img loading=\"lazy\" width=\"623\" height=\"647\" src=\"https:\/\/parijedi.org\/wp-content\/uploads\/2023\/08\/image-15.png\" alt=\"\" class=\"wp-image-1053\" srcset=\"https:\/\/parijedi.org\/wp-content\/uploads\/2023\/08\/image-15.png 623w, https:\/\/parijedi.org\/wp-content\/uploads\/2023\/08\/image-15-289x300.png 289w, https:\/\/parijedi.org\/wp-content\/uploads\/2023\/08\/image-15-106x110.png 106w, https:\/\/parijedi.org\/wp-content\/uploads\/2023\/08\/image-15-241x250.png 241w, https:\/\/parijedi.org\/wp-content\/uploads\/2023\/08\/image-15-524x544.png 524w\" sizes=\"(max-width: 623px) 100vw, 623px\" \/><\/a><\/figure>\n\n\n\n<div class=\"wp-block-file\"><a href=\"https:\/\/parijedi.org\/wp-content\/uploads\/2023\/08\/Rapport-de-Mission-Allemagne-2022.pdf\">Rapport-de-Mission-Allemagne-2022<\/a><a href=\"https:\/\/parijedi.org\/wp-content\/uploads\/2023\/08\/Rapport-de-Mission-Allemagne-2022.pdf\" class=\"wp-block-file__button\" download>T\u00e9l\u00e9charger<\/a><\/div>\n","protected":false},"excerpt":{"rendered":"<p>Dans la perspective de mat\u00e9rialiser la vision du Chef de l\u2019Etat selon laquelle il souhaite que la diaspora revienne de fa\u00e7on effective contribuer \u00e0 l\u2019\u0153uvre de construction nationale, \u00e9tant donn\u00e9 le r\u00f4le de celle-ci dans le processus de d\u00e9veloppement du pays d\u2019une part et le souhait de se positionner comme un leader de la diaspora [&hellip;]<\/p>\n","protected":false},"author":3,"featured_media":1042,"comment_status":"closed","ping_status":"closed","sticky":false,"template":"","format":"standard","meta":[],"categories":[1],"tags":[],"_links":{"self":[{"href":"https:\/\/parijedi.org\/en\/wp-json\/wp\/v2\/posts\/1041"}],"collection":[{"href":"https:\/\/parijedi.org\/en\/wp-json\/wp\/v2\/posts"}],"about":[{"href":"https:\/\/parijedi.org\/en\/wp-json\/wp\/v2\/types\/post"}],"author":[{"embeddable":true,"href":"https:\/\/parijedi.org\/en\/wp-json\/wp\/v2\/users\/3"}],"replies":[{"embeddable":true,"href":"https:\/\/parijedi.org\/en\/wp-json\/wp\/v2\/comments?post=1041"}],"version-history":[{"count":1,"href":"https:\/\/parijedi.org\/en\/wp-json\/wp\/v2\/posts\/1041\/revisions"}],"predecessor-version":[{"id":1055,"href":"https:\/\/parijedi.org\/en\/wp-json\/wp\/v2\/posts\/1041\/revisions\/1055"}],"wp:featuredmedia":[{"embeddable":true,"href":"https:\/\/parijedi.org\/en\/wp-json\/wp\/v2\/media\/1042"}],"wp:attachment":[{"href":"https:\/\/parijedi.org\/en\/wp-json\/wp\/v2\/media?parent=1041"}],"wp:term":[{"taxonomy":"category","embeddable":true,"href":"https:\/\/parijedi.org\/en\/wp-json\/wp\/v2\/categories?post=1041"},{"taxonomy":"post_tag","embeddable":true,"href":"https:\/\/parijedi.org\/en\/wp-json\/wp\/v2\/tags?post=1041"}],"curies":[{"name":"wp","href":"https:\/\/api.w.org\/{rel}","templated":true}]}}